{"id":12764,"date":"2026-04-29T10:55:32","date_gmt":"2026-04-29T10:55:32","guid":{"rendered":"https:\/\/le-renovateur.net\/?p=12764"},"modified":"2026-04-29T11:00:03","modified_gmt":"2026-04-29T11:00:03","slug":"les-emirats-arabes-unis-actent-leur-retrait-de-lopep-et-de-lopep-des-le-1er-mai","status":"publish","type":"post","link":"https:\/\/le-renovateur.net\/?p=12764","title":{"rendered":"Les \u00c9mirats arabes unis actent leur retrait de l\u2019Opep et de l\u2019Opep+ d\u00e8s le 1er mai"},"content":{"rendered":"\n<p>Coup de tonnerre sur le march\u00e9 p\u00e9trolier. Les \u00c9mirats arabes unis ont annonc\u00e9 mardi leur retrait de l\u2019Opep et de l\u2019Opep+ \u00e0 compter du 1er mai. Membre historique depuis 1967, le pays quitte l\u2019organisation fond\u00e9e en 1960 et son alliance \u00e9largie, portant un coup dur \u00e0 la coh\u00e9sion du cartel et \u00e0 l\u2019Arabie saoudite, chef de file de fait.L\u2019annonce intervient dans un contexte d\u00e9j\u00e0 sous tension. La guerre en Iran a d\u00e9clench\u00e9 un choc \u00e9nerg\u00e9tique majeur, avec une flamb\u00e9e des cours et une volatilit\u00e9 qui d\u00e9stabilise l\u2019\u00e9conomie mondiale.*Un retrait qui fragilise le front uni*  Depuis des ann\u00e9es, l\u2019Opep et l\u2019Opep+ s\u2019efforcent d\u2019afficher une unit\u00e9 malgr\u00e9 des divergences r\u00e9currentes sur la g\u00e9opolitique, les quotas et les strat\u00e9gies de prix. Le d\u00e9part des \u00c9mirats, troisi\u00e8me producteur du cartel avec pr\u00e8s de 3,2 millions de barils par jour, menace directement cette discipline collective. Abu Dhabi et Riyad s\u2019opposaient depuis plusieurs mois sur les niveaux de production de base servant au calcul des r\u00e9ductions. Les \u00c9mirats r\u00e9clamaient une hausse de leur quota, arguant d\u2019investissements massifs pour porter leur capacit\u00e9 \u00e0 5 millions de barils\/jour d\u2019ici 2027.*Cons\u00e9quences sur les march\u00e9s*  \u00c0 court terme, les analystes redoutent un affaiblissement de la capacit\u00e9 du cartel \u00e0 piloter l\u2019offre. Sans les \u00c9mirats, l\u2019Opep+ perd un acteur cl\u00e9 capable d\u2019ajuster rapidement sa production. Le risque : une concurrence accrue entre producteurs et une pression baissi\u00e8re sur les prix si Abu Dhabi d\u00e9cide d\u2019ouvrir les vannes.*Repositionnement strat\u00e9gique*  Pour Abu Dhabi, ce d\u00e9part traduit une volont\u00e9 d\u2019autonomie strat\u00e9gique. S\u2019affranchir des contraintes de l\u2019Opep+ lui donne plus de marge pour aligner sa politique p\u00e9troli\u00e8re sur ses int\u00e9r\u00eats nationaux et ses partenariats bilat\u00e9raux, notamment avec l\u2019Asie.L\u2019Opep, qui a surv\u00e9cu \u00e0 de nombreuses crises, entre dans une nouvelle zone de turbulences.<\/p>\n\n\n\n<p><\/p>\n\n\n\n<p><\/p>\n","protected":false},"excerpt":{"rendered":"<p>Coup de tonnerre sur le march\u00e9 p\u00e9trolier. Les \u00c9mirats arabes unis ont annonc\u00e9 mardi leur retrait de l\u2019Opep et de<\/p>\n","protected":false},"author":3,"featured_media":12766,"comment_status":"open","ping_status":"open","sticky":false,"template":"","format":"standard","meta":{"colormag_page_container_layout":"default_layout","colormag_page_sidebar_layout":"default_layout","footnotes":""},"categories":[14],"tags":[],"class_list":["post-12764","post","type-post","status-publish","format-standard","has-post-thumbnail","hentry","category-actualite"],"_links":{"self":[{"href":"https:\/\/le-renovateur.net\/index.php?rest_route=\/wp\/v2\/posts\/12764","targetHints":{"allow":["GET"]}}],"collection":[{"href":"https:\/\/le-renovateur.net\/index.php?rest_route=\/wp\/v2\/posts"}],"about":[{"href":"https:\/\/le-renovateur.net\/index.php?rest_route=\/wp\/v2\/types\/post"}],"author":[{"embeddable":true,"href":"https:\/\/le-renovateur.net\/index.php?rest_route=\/wp\/v2\/users\/3"}],"replies":[{"embeddable":true,"href":"https:\/\/le-renovateur.net\/index.php?rest_route=%2Fwp%2Fv2%2Fcomments&post=12764"}],"version-history":[{"count":1,"href":"https:\/\/le-renovateur.net\/index.php?rest_route=\/wp\/v2\/posts\/12764\/revisions"}],"predecessor-version":[{"id":12765,"href":"https:\/\/le-renovateur.net\/index.php?rest_route=\/wp\/v2\/posts\/12764\/revisions\/12765"}],"wp:featuredmedia":[{"embeddable":true,"href":"https:\/\/le-renovateur.net\/index.php?rest_route=\/wp\/v2\/media\/12766"}],"wp:attachment":[{"href":"https:\/\/le-renovateur.net\/index.php?rest_route=%2Fwp%2Fv2%2Fmedia&parent=12764"}],"wp:term":[{"taxonomy":"category","embeddable":true,"href":"https:\/\/le-renovateur.net\/index.php?rest_route=%2Fwp%2Fv2%2Fcategories&post=12764"},{"taxonomy":"post_tag","embeddable":true,"href":"https:\/\/le-renovateur.net\/index.php?rest_route=%2Fwp%2Fv2%2Ftags&post=12764"}],"curies":[{"name":"wp","href":"https:\/\/api.w.org\/{rel}","templated":true}]}}