{"id":12768,"date":"2026-05-02T10:08:27","date_gmt":"2026-05-02T10:08:27","guid":{"rendered":"https:\/\/le-renovateur.net\/?p=12768"},"modified":"2026-05-02T10:10:55","modified_gmt":"2026-05-02T10:10:55","slug":"journee-internationale-de-la-presse-le-repp-reunit-les-acteurs-des-medias-autour-de-lechange-et-du-passage-de-flambeau","status":"publish","type":"post","link":"https:\/\/le-renovateur.net\/?p=12768","title":{"rendered":"Journ\u00e9e internationale de la presse : le REPP r\u00e9unit les acteurs des m\u00e9dias autour de l\u2019\u00e9change et du passage de flambeau"},"content":{"rendered":"\n<p>\u00c0 l\u2019occasion de la Journ\u00e9e internationale de la presse, le Regroupement des entreprises de la presse priv\u00e9e en Mauritanie (REPP) a organis\u00e9, vendredi soir, \u00e0 son si\u00e8ge, une rencontre d\u00e9di\u00e9e \u00e0 l\u2019\u00e9change d\u2019exp\u00e9riences entre les acteurs de la presse mauritanienne.\u00c0 l\u2019ouverture, le pr\u00e9sident du REPP, Ahmedou Ould Tlemidi, a camp\u00e9 le d\u00e9cor de la soir\u00e9e en fixant les objectifs, le sens et la port\u00e9e de l\u2019\u00e9v\u00e9nement. Celui-ci s\u2019inscrit, a-t-il indiqu\u00e9, dans le souci de rassembler la presse autour des id\u00e9aux de libert\u00e9 et d\u2019\u00e9change entre ses acteurs, en vue de nourrir un d\u00e9bat constructif, de consolider les acquis et de tracer des perspectives d\u2019avenir.Anciennes figures embl\u00e9matiques et nouvelle g\u00e9n\u00e9ration se sont retrouv\u00e9es afin de dresser un \u00e9tat des lieux du secteur et de croiser leurs exp\u00e9riences. La soir\u00e9e, riche en symboles et en souvenirs, a \u00e9t\u00e9 marqu\u00e9e par la pr\u00e9sence de grandes figures de la presse, parmi lesquelles Bah Ould Salek, Moussa Ould Hamed, Abdel Baki, Zeinabou Mint Jid, ainsi que d\u2019autres personnalit\u00e9s ayant marqu\u00e9 les heures de gloire du journalisme en Mauritanie.Au cours de cette rencontre, de jeunes talents de la presse ont \u00e9t\u00e9 honor\u00e9s par leurs pr\u00e9d\u00e9cesseurs, dans un geste fort symbolisant le passage de flambeau entre g\u00e9n\u00e9rations.Le REPP a remis des gilets de presse aux jeunes cameramen des t\u00e9l\u00e9visions priv\u00e9es et des plateformes en ligne.Cl\u00f4turant la c\u00e9r\u00e9monie, le ministre de la Culture, des Arts, de la Communication et des Relations avec le Parlement, Monsieur Houcein Ould Meddou, a rappel\u00e9 les avanc\u00e9es majeures enregistr\u00e9es dans le domaine de la libert\u00e9 de la presse, soulignant les efforts consentis pour en consolider les fondements et en ancrer les valeurs dans la pratique professionnelle des journalistes. Il a \u00e9galement mis en avant les initiatives visant \u00e0 promouvoir la diversit\u00e9 et le pluralisme m\u00e9diatique au sein de l\u2019espace public, tout en appelant \u00e0 la poursuite des r\u00e9formes pour renforcer davantage le secteur.<\/p>\n","protected":false},"excerpt":{"rendered":"<p>\u00c0 l\u2019occasion de la Journ\u00e9e internationale de la presse, le Regroupement des entreprises de la presse priv\u00e9e en Mauritanie (REPP)<\/p>\n","protected":false},"author":3,"featured_media":12773,"comment_status":"open","ping_status":"open","sticky":false,"template":"","format":"standard","meta":{"colormag_page_container_layout":"default_layout","colormag_page_sidebar_layout":"default_layout","footnotes":""},"categories":[1],"tags":[],"class_list":["post-12768","post","type-post","status-publish","format-standard","has-post-thumbnail","hentry","category-uncategorized"],"_links":{"self":[{"href":"https:\/\/le-renovateur.net\/index.php?rest_route=\/wp\/v2\/posts\/12768","targetHints":{"allow":["GET"]}}],"collection":[{"href":"https:\/\/le-renovateur.net\/index.php?rest_route=\/wp\/v2\/posts"}],"about":[{"href":"https:\/\/le-renovateur.net\/index.php?rest_route=\/wp\/v2\/types\/post"}],"author":[{"embeddable":true,"href":"https:\/\/le-renovateur.net\/index.php?rest_route=\/wp\/v2\/users\/3"}],"replies":[{"embeddable":true,"href":"https:\/\/le-renovateur.net\/index.php?rest_route=%2Fwp%2Fv2%2Fcomments&post=12768"}],"version-history":[{"count":2,"href":"https:\/\/le-renovateur.net\/index.php?rest_route=\/wp\/v2\/posts\/12768\/revisions"}],"predecessor-version":[{"id":12776,"href":"https:\/\/le-renovateur.net\/index.php?rest_route=\/wp\/v2\/posts\/12768\/revisions\/12776"}],"wp:featuredmedia":[{"embeddable":true,"href":"https:\/\/le-renovateur.net\/index.php?rest_route=\/wp\/v2\/media\/12773"}],"wp:attachment":[{"href":"https:\/\/le-renovateur.net\/index.php?rest_route=%2Fwp%2Fv2%2Fmedia&parent=12768"}],"wp:term":[{"taxonomy":"category","embeddable":true,"href":"https:\/\/le-renovateur.net\/index.php?rest_route=%2Fwp%2Fv2%2Fcategories&post=12768"},{"taxonomy":"post_tag","embeddable":true,"href":"https:\/\/le-renovateur.net\/index.php?rest_route=%2Fwp%2Fv2%2Ftags&post=12768"}],"curies":[{"name":"wp","href":"https:\/\/api.w.org\/{rel}","templated":true}]}}