{"id":13371,"date":"2026-08-30T07:27:07","date_gmt":"2026-08-30T07:27:07","guid":{"rendered":"https:\/\/le-renovateur.net\/?p=13371"},"modified":"2026-08-30T07:27:09","modified_gmt":"2026-08-30T07:27:09","slug":"labatt-ould-maayouf-interpelle-apres-des-declarations-mediatiques","status":"publish","type":"post","link":"https:\/\/le-renovateur.net\/?p=13371","title":{"rendered":"Labatt Ould Maayouf interpell\u00e9 apr\u00e8s des d\u00e9clarations m\u00e9diatiques"},"content":{"rendered":"\n<p>Le g\u00e9n\u00e9ral \u00e0 la retraite Labatt Ould Maayouf, dirigeant du parti \u00ab Mauritanie vers l\u2019avant \u00bb et pr\u00e9sident en exercice du P\u00f4le de la Coalition de l\u2019opposition d\u00e9mocratique, a \u00e9t\u00e9 interpell\u00e9 \u00e0 son domicile par des \u00e9l\u00e9ments du Bureau de lutte contre la cybercriminalit\u00e9 de la Gendarmerie nationale.<br>Selon plusieurs m\u00e9dias, cette interpellation serait li\u00e9e \u00e0 des d\u00e9clarations faites r\u00e9cemment lors d\u2019une intervention m\u00e9diatique. Labatt Ould Maayouf aurait notamment appel\u00e9 l\u2019opposition \u00e0 unifier ses rangs afin de mettre fin au r\u00e9gime en place.<br>Aucune communication officielle n\u2019a, \u00e0 ce stade, pr\u00e9cis\u00e9 les motifs de son arrestation ni les \u00e9ventuelles charges retenues contre lui.<br>Le P\u00f4le de la Coalition de l\u2019opposition d\u00e9mocratique demande sa lib\u00e9ration et appelle au respect de ses droits, ainsi qu\u2019\u00e0 la garantie de son int\u00e9grit\u00e9 physique.<\/p>\n","protected":false},"excerpt":{"rendered":"<p>Le g\u00e9n\u00e9ral \u00e0 la retraite Labatt Ould Maayouf, dirigeant du parti \u00ab Mauritanie vers l\u2019avant \u00bb et pr\u00e9sident en exercice<\/p>\n","protected":false},"author":3,"featured_media":13372,"comment_status":"open","ping_status":"open","sticky":false,"template":"","format":"standard","meta":{"colormag_page_container_layout":"default_layout","colormag_page_sidebar_layout":"default_layout","footnotes":""},"categories":[14],"tags":[],"class_list":["post-13371","post","type-post","status-publish","format-standard","has-post-thumbnail","hentry","category-actualite"],"_links":{"self":[{"href":"https:\/\/le-renovateur.net\/index.php?rest_route=\/wp\/v2\/posts\/13371","targetHints":{"allow":["GET"]}}],"collection":[{"href":"https:\/\/le-renovateur.net\/index.php?rest_route=\/wp\/v2\/posts"}],"about":[{"href":"https:\/\/le-renovateur.net\/index.php?rest_route=\/wp\/v2\/types\/post"}],"author":[{"embeddable":true,"href":"https:\/\/le-renovateur.net\/index.php?rest_route=\/wp\/v2\/users\/3"}],"replies":[{"embeddable":true,"href":"https:\/\/le-renovateur.net\/index.php?rest_route=%2Fwp%2Fv2%2Fcomments&post=13371"}],"version-history":[{"count":1,"href":"https:\/\/le-renovateur.net\/index.php?rest_route=\/wp\/v2\/posts\/13371\/revisions"}],"predecessor-version":[{"id":13373,"href":"https:\/\/le-renovateur.net\/index.php?rest_route=\/wp\/v2\/posts\/13371\/revisions\/13373"}],"wp:featuredmedia":[{"embeddable":true,"href":"https:\/\/le-renovateur.net\/index.php?rest_route=\/wp\/v2\/media\/13372"}],"wp:attachment":[{"href":"https:\/\/le-renovateur.net\/index.php?rest_route=%2Fwp%2Fv2%2Fmedia&parent=13371"}],"wp:term":[{"taxonomy":"category","embeddable":true,"href":"https:\/\/le-renovateur.net\/index.php?rest_route=%2Fwp%2Fv2%2Fcategories&post=13371"},{"taxonomy":"post_tag","embeddable":true,"href":"https:\/\/le-renovateur.net\/index.php?rest_route=%2Fwp%2Fv2%2Ftags&post=13371"}],"curies":[{"name":"wp","href":"https:\/\/api.w.org\/{rel}","templated":true}]}}