{"id":13374,"date":"2026-08-30T07:47:15","date_gmt":"2026-08-30T07:47:15","guid":{"rendered":"https:\/\/le-renovateur.net\/?p=13374"},"modified":"2026-08-30T07:47:16","modified_gmt":"2026-08-30T07:47:16","slug":"drogue-en-mauritanie-un-nouveau-texte-pour-durcir-la-lutte","status":"publish","type":"post","link":"https:\/\/le-renovateur.net\/?p=13374","title":{"rendered":"DROGUE EN MAURITANIE : UN NOUVEAU TEXTE POUR DURCIR LA LUTTE"},"content":{"rendered":"\n<p> Le Conseil des ministres a adopt\u00e9, jeudi 27 ao\u00fbt, un projet de loi visant \u00e0 renforcer la lutte contre le trafic et la consommation de drogue en Mauritanie. L\u2019adoption de ce texte intervient dans un contexte marqu\u00e9 par une multiplication des saisies op\u00e9r\u00e9es ces derni\u00e8res semaines par les services de s\u00e9curit\u00e9 dans plusieurs wilayas du pays.<br>Le ph\u00e9nom\u00e8ne semble gagner du terrain. \u00c0 Nouakchott comme dans d\u2019autres villes, la consommation de stup\u00e9fiants est devenue plus visible et s\u2019accompagne de pr\u00e9occupations croissantes li\u00e9es aux d\u00e9lits et aux troubles \u00e0 l\u2019ordre public. L\u2019apparition de nouvelles substances, notamment l\u2019\u00ab adross \u00bb, ajoute une difficult\u00e9 suppl\u00e9mentaire aux autorit\u00e9s sanitaires et s\u00e9curitaires.<br>Cette progression s\u2019explique par plusieurs facteurs. Le d\u00e9ficit d\u2019information et de sensibilisation, notamment aupr\u00e8s des jeunes, favorise l\u2019exp\u00e9rimentation et l\u2019influence du groupe. Les difficult\u00e9s sociales, le ch\u00f4mage et le manque de structures d\u2019encadrement constituent \u00e9galement un terrain exploit\u00e9 par les r\u00e9seaux de dealers. Le ph\u00e9nom\u00e8ne ne se limite plus aux grands centres urbains et touche d\u00e9sormais certains quartiers p\u00e9riph\u00e9riques et localit\u00e9s secondaires.<br>Le nouveau dispositif entend \u00e9largir le champ d\u2019action de l\u2019\u00c9tat. Au-del\u00e0 de la consommation et de la revente, le projet de loi vise les diff\u00e9rentes \u00e9tapes de la cha\u00eene de production et de distribution, notamment la production, la culture, la transformation et les activit\u00e9s logistiques. Il pr\u00e9voit \u00e9galement des mesures destin\u00e9es \u00e0 faciliter le d\u00e9mant\u00e8lement des r\u00e9seaux criminels, avec l\u2019objectif de renforcer l\u2019effet dissuasif des sanctions et de permettre aux autorit\u00e9s judiciaires et s\u00e9curitaires de mieux cibler les fili\u00e8res.<br>Mais la r\u00e9ponse p\u00e9nale ne saurait, \u00e0 elle seule, contenir durablement le ph\u00e9nom\u00e8ne. La pr\u00e9vention, la sensibilisation et la prise en charge des personnes confront\u00e9es \u00e0 l\u2019addiction demeurent essentielles. En milieu scolaire notamment, les campagnes d\u2019information, les espaces d\u2019\u00e9coute ainsi que le d\u00e9veloppement d\u2019activit\u00e9s sportives et socio-\u00e9ducatives peuvent contribuer \u00e0 r\u00e9duire les facteurs de vuln\u00e9rabilit\u00e9.<br>\u00c0 travers ce projet de loi, les autorit\u00e9s entendent ainsi afficher une r\u00e9ponse plus ferme et mieux coordonn\u00e9e face aux trafics de stup\u00e9fiants. Le principal d\u00e9fi sera d\u00e9sormais de faire du renforcement du cadre p\u00e9nal un levier compl\u00e9mentaire d\u2019une politique de pr\u00e9vention et de prise en charge, capable d\u2019agir \u00e0 la fois sur l\u2019offre et sur la demande<\/p>\n","protected":false},"excerpt":{"rendered":"<p>Le Conseil des ministres a adopt\u00e9, jeudi 27 ao\u00fbt, un projet de loi visant \u00e0 renforcer la lutte contre le<\/p>\n","protected":false},"author":3,"featured_media":13376,"comment_status":"open","ping_status":"open","sticky":false,"template":"","format":"standard","meta":{"colormag_page_container_layout":"default_layout","colormag_page_sidebar_layout":"default_layout","footnotes":""},"categories":[18,5],"tags":[],"class_list":["post-13374","post","type-post","status-publish","format-standard","has-post-thumbnail","hentry","category-education","category-societe"],"_links":{"self":[{"href":"https:\/\/le-renovateur.net\/index.php?rest_route=\/wp\/v2\/posts\/13374","targetHints":{"allow":["GET"]}}],"collection":[{"href":"https:\/\/le-renovateur.net\/index.php?rest_route=\/wp\/v2\/posts"}],"about":[{"href":"https:\/\/le-renovateur.net\/index.php?rest_route=\/wp\/v2\/types\/post"}],"author":[{"embeddable":true,"href":"https:\/\/le-renovateur.net\/index.php?rest_route=\/wp\/v2\/users\/3"}],"replies":[{"embeddable":true,"href":"https:\/\/le-renovateur.net\/index.php?rest_route=%2Fwp%2Fv2%2Fcomments&post=13374"}],"version-history":[{"count":1,"href":"https:\/\/le-renovateur.net\/index.php?rest_route=\/wp\/v2\/posts\/13374\/revisions"}],"predecessor-version":[{"id":13377,"href":"https:\/\/le-renovateur.net\/index.php?rest_route=\/wp\/v2\/posts\/13374\/revisions\/13377"}],"wp:featuredmedia":[{"embeddable":true,"href":"https:\/\/le-renovateur.net\/index.php?rest_route=\/wp\/v2\/media\/13376"}],"wp:attachment":[{"href":"https:\/\/le-renovateur.net\/index.php?rest_route=%2Fwp%2Fv2%2Fmedia&parent=13374"}],"wp:term":[{"taxonomy":"category","embeddable":true,"href":"https:\/\/le-renovateur.net\/index.php?rest_route=%2Fwp%2Fv2%2Fcategories&post=13374"},{"taxonomy":"post_tag","embeddable":true,"href":"https:\/\/le-renovateur.net\/index.php?rest_route=%2Fwp%2Fv2%2Ftags&post=13374"}],"curies":[{"name":"wp","href":"https:\/\/api.w.org\/{rel}","templated":true}]}}