{"id":13378,"date":"2026-09-01T18:11:43","date_gmt":"2026-09-01T18:11:43","guid":{"rendered":"https:\/\/le-renovateur.net\/?p=13378"},"modified":"2026-09-01T18:15:35","modified_gmt":"2026-09-01T18:15:35","slug":"coumba-ba-le-choix-dune-francophonie-qui-rassemble","status":"publish","type":"post","link":"https:\/\/le-renovateur.net\/?p=13378","title":{"rendered":"COUMBA B\u00c2 : LE CHOIX D\u2019UNE FRANCOPHONIE QUI RASSEMBLE"},"content":{"rendered":"\n<p>Il y a des candidatures qui demandent une confiance.Et il y a celles qui donnent envie de la faire na\u00eetre.La candidature de Coumba B\u00e2 au Secr\u00e9tariat g\u00e9n\u00e9ral de la Francophonie est de celles-l\u00e0.Parce qu\u2019elle arrive au bon moment.Parce qu\u2019elle porte une femme d\u2019exp\u00e9rience, de conviction et de dialogue.Parce qu\u2019elle vient d\u2019une Mauritanie qui, par son histoire et sa position au carrefour de l\u2019Afrique, du monde arabe, du Sahel et de l\u2019espace francophone, sait mieux que beaucoup d\u2019autres ce que signifie rapprocher les mondes.M\u00e9decin, ancienne ministre, diplomate, femme de terrain et de dialogue, Coumba B\u00e2 poss\u00e8de ce que les temps pr\u00e9sents exigent d\u2019un dirigeant international : l\u2019exp\u00e9rience pour comprendre, la hauteur pour rassembler et la d\u00e9termination pour agir.Mais son ambition va au-del\u00e0 d\u2019un parcours.Elle veut une Francophonie qui ne se contente plus de c\u00e9l\u00e9brer ce qui unit, mais qui transforme r\u00e9ellement ce qui doit l\u2019\u00eatre.Une Francophonie qui ouvre des perspectives \u00e0 sa jeunesse.Qui donne aux femmes toute leur place.Qui accompagne l\u2019innovation, le num\u00e9rique et l\u2019intelligence artificielle.Qui d\u00e9fend la langue fran\u00e7aise sans jamais la couper des r\u00e9alit\u00e9s du monde.Une Francophonie surtout plus proche, plus efficace et plus audible.Dans un espace francophone travers\u00e9 par les divergences, il faut quelqu\u2019un qui sache construire des ponts sans effacer les diff\u00e9rences.Coumba B\u00e2 sait construire des ponts.Et c\u2019est peut-\u00eatre l\u00e0 son avantage le plus pr\u00e9cieux.Car la Francophonie n\u2019a pas besoin d\u2019un leadership qui oppose les uns aux autres. Elle a besoin d\u2019une personnalit\u00e9 capable de r\u00e9unir l\u2019Afrique sans l\u2019enfermer, de rapprocher les continents sans les confondre, et de faire du pluralisme une force plut\u00f4t qu\u2019une faiblesse.La candidature de Coumba B\u00e2 est aussi celle d\u2019un pays qui croit au multilat\u00e9ralisme, au dialogue et \u00e0 la force des convergences.Une candidature mauritanienne et une ambition francophone.\u00c0 l\u2019heure du choix, la question n\u2019est donc pas seulement : qui peut diriger la Francophonie ?La vraie question est :qui peut lui redonner l\u2019envie de se rassembler et la capacit\u00e9 d\u2019agir ?Coumba B\u00e2 apporte une r\u00e9ponse simple : une Francophonie qui \u00e9coute, qui rassemble et qui agit.Parce qu\u2019aujourd\u2019hui, la Francophonie n\u2019a pas seulement besoin d\u2019une nouvelle Secr\u00e9taire g\u00e9n\u00e9rale.Elle a besoin d\u2019un nouvel \u00e9lan.Et cet \u00e9lan porte un nom : COUMBA B\u00c2.<\/p>\n\n\n\n<p><\/p>\n\n\n\n<p>Laghdaf Ould Khaye.<\/p>\n\n\n\n<p><\/p>\n","protected":false},"excerpt":{"rendered":"<p>Il y a des candidatures qui demandent une confiance.Et il y a celles qui donnent envie de la faire na\u00eetre.La<\/p>\n","protected":false},"author":3,"featured_media":13380,"comment_status":"open","ping_status":"open","sticky":false,"template":"","format":"standard","meta":{"colormag_page_container_layout":"default_layout","colormag_page_sidebar_layout":"default_layout","footnotes":""},"categories":[14],"tags":[],"class_list":["post-13378","post","type-post","status-publish","format-standard","has-post-thumbnail","hentry","category-actualite"],"_links":{"self":[{"href":"https:\/\/le-renovateur.net\/index.php?rest_route=\/wp\/v2\/posts\/13378","targetHints":{"allow":["GET"]}}],"collection":[{"href":"https:\/\/le-renovateur.net\/index.php?rest_route=\/wp\/v2\/posts"}],"about":[{"href":"https:\/\/le-renovateur.net\/index.php?rest_route=\/wp\/v2\/types\/post"}],"author":[{"embeddable":true,"href":"https:\/\/le-renovateur.net\/index.php?rest_route=\/wp\/v2\/users\/3"}],"replies":[{"embeddable":true,"href":"https:\/\/le-renovateur.net\/index.php?rest_route=%2Fwp%2Fv2%2Fcomments&post=13378"}],"version-history":[{"count":1,"href":"https:\/\/le-renovateur.net\/index.php?rest_route=\/wp\/v2\/posts\/13378\/revisions"}],"predecessor-version":[{"id":13379,"href":"https:\/\/le-renovateur.net\/index.php?rest_route=\/wp\/v2\/posts\/13378\/revisions\/13379"}],"wp:featuredmedia":[{"embeddable":true,"href":"https:\/\/le-renovateur.net\/index.php?rest_route=\/wp\/v2\/media\/13380"}],"wp:attachment":[{"href":"https:\/\/le-renovateur.net\/index.php?rest_route=%2Fwp%2Fv2%2Fmedia&parent=13378"}],"wp:term":[{"taxonomy":"category","embeddable":true,"href":"https:\/\/le-renovateur.net\/index.php?rest_route=%2Fwp%2Fv2%2Fcategories&post=13378"},{"taxonomy":"post_tag","embeddable":true,"href":"https:\/\/le-renovateur.net\/index.php?rest_route=%2Fwp%2Fv2%2Ftags&post=13378"}],"curies":[{"name":"wp","href":"https:\/\/api.w.org\/{rel}","templated":true}]}}