{"id":13387,"date":"2026-09-03T12:12:11","date_gmt":"2026-09-03T12:12:11","guid":{"rendered":"https:\/\/le-renovateur.net\/?p=13387"},"modified":"2026-09-03T12:13:16","modified_gmt":"2026-09-03T12:13:16","slug":"la-mauritanie-condamne-les-attaques-contre-plusieurs-pays-de-la-region","status":"publish","type":"post","link":"https:\/\/le-renovateur.net\/?p=13387","title":{"rendered":"La Mauritanie condamne les attaques contre plusieurs pays de la r\u00e9gion"},"content":{"rendered":"\n<p><br>La Mauritanie a fermement condamn\u00e9 l\u2019attaque visant un p\u00e9trolier saoudien dans le d\u00e9troit d\u2019Ormuz, ainsi que les actes hostiles perp\u00e9tr\u00e9s simultan\u00e9ment contre les \u00c9mirats arabes unis, Bahre\u00efn, le Kowe\u00eft et la Jordanie.<br>Dans un communiqu\u00e9 publi\u00e9 mercredi, le minist\u00e8re des Affaires \u00e9trang\u00e8res a r\u00e9affirm\u00e9 la solidarit\u00e9 de la Mauritanie avec ces pays et rejet\u00e9 \u00ab tout acte hostile \u00bb susceptible de menacer la s\u00e9curit\u00e9 et la stabilit\u00e9 de la r\u00e9gion ainsi que la s\u00fbret\u00e9 de la navigation internationale.<\/p>\n","protected":false},"excerpt":{"rendered":"<p>La Mauritanie a fermement condamn\u00e9 l\u2019attaque visant un p\u00e9trolier saoudien dans le d\u00e9troit d\u2019Ormuz, ainsi que les actes hostiles perp\u00e9tr\u00e9s<\/p>\n","protected":false},"author":3,"featured_media":13389,"comment_status":"open","ping_status":"open","sticky":false,"template":"","format":"standard","meta":{"colormag_page_container_layout":"default_layout","colormag_page_sidebar_layout":"default_layout","footnotes":""},"categories":[14],"tags":[],"class_list":["post-13387","post","type-post","status-publish","format-standard","has-post-thumbnail","hentry","category-actualite"],"_links":{"self":[{"href":"https:\/\/le-renovateur.net\/index.php?rest_route=\/wp\/v2\/posts\/13387","targetHints":{"allow":["GET"]}}],"collection":[{"href":"https:\/\/le-renovateur.net\/index.php?rest_route=\/wp\/v2\/posts"}],"about":[{"href":"https:\/\/le-renovateur.net\/index.php?rest_route=\/wp\/v2\/types\/post"}],"author":[{"embeddable":true,"href":"https:\/\/le-renovateur.net\/index.php?rest_route=\/wp\/v2\/users\/3"}],"replies":[{"embeddable":true,"href":"https:\/\/le-renovateur.net\/index.php?rest_route=%2Fwp%2Fv2%2Fcomments&post=13387"}],"version-history":[{"count":1,"href":"https:\/\/le-renovateur.net\/index.php?rest_route=\/wp\/v2\/posts\/13387\/revisions"}],"predecessor-version":[{"id":13388,"href":"https:\/\/le-renovateur.net\/index.php?rest_route=\/wp\/v2\/posts\/13387\/revisions\/13388"}],"wp:featuredmedia":[{"embeddable":true,"href":"https:\/\/le-renovateur.net\/index.php?rest_route=\/wp\/v2\/media\/13389"}],"wp:attachment":[{"href":"https:\/\/le-renovateur.net\/index.php?rest_route=%2Fwp%2Fv2%2Fmedia&parent=13387"}],"wp:term":[{"taxonomy":"category","embeddable":true,"href":"https:\/\/le-renovateur.net\/index.php?rest_route=%2Fwp%2Fv2%2Fcategories&post=13387"},{"taxonomy":"post_tag","embeddable":true,"href":"https:\/\/le-renovateur.net\/index.php?rest_route=%2Fwp%2Fv2%2Ftags&post=13387"}],"curies":[{"name":"wp","href":"https:\/\/api.w.org\/{rel}","templated":true}]}}